{"id":1005,"date":"2019-06-26T10:47:37","date_gmt":"2019-06-26T08:47:37","guid":{"rendered":"http:\/\/abbatia.eu\/?p=1005"},"modified":"2019-06-26T10:47:37","modified_gmt":"2019-06-26T08:47:37","slug":"les-siestes-sonores-de-labbaye-aux-dames","status":"publish","type":"post","link":"http:\/\/abbatia.eu\/index.php\/2019\/06\/26\/les-siestes-sonores-de-labbaye-aux-dames\/","title":{"rendered":"Les Siestes Sonores de l&rsquo;abbaye aux Dames"},"content":{"rendered":"<p><span style=\"color: #ff00ff;\">C<\/span>\u00f4t\u00e9 jardin, dans un transat, revivez en son 3D les concerts embl\u00e9matiques du Festival de Saintes. Quand la brise de la fin d\u2019apr\u00e8s-midi affleure, profitez d\u2019un moment de partage et de farniente entre initi\u00e9s et n\u00e9ophytes.<\/p>\n<p>Au choix :<br \/>\n\u2022 La symphonie n\u00b06 dite\u00a0<em>Pastorale<\/em>\u00a0de Beethoven<br \/>\n\u2022\u00a0<em>Le Ca\u00efn maudit ou la mort d\u2019Abel<\/em>\u00a0de Onslow<br \/>\n\u2022\u00a0<em>Les V\u00eapres<\/em>\u00a0de Monteverdi<br \/>\n\u2022\u00a0<em>Dixit Dominus<\/em>\u00a0de Haendel<br \/>\n\u2022\u00a0<em>Ode \u00e0 Sainte-C\u00e9cile<\/em>\u00a0de Haendel<br \/>\n\u2022 \u00ab Echoes in time \u00bb avec VOCES8<\/p>\n<p><span style=\"color: #ff00ff;\">C<\/span>e Dimanche 30 Juin \u00e0 14H, venez profiter d\u2019une sieste sonore.<\/p>\n<p><em>Tarifs : 8 \u20ac plein tarif \/ 6 \u20ac tarif r\u00e9duit* gratuit \u2013 de 6 ans<\/em><br \/>\n<em>*groupes de + de 10 pers., enfants \u2013 de 18 ans, pass d\u00e9couverte Saintes-Cognac, guide du Routard.<\/em><\/p>\n","protected":false},"excerpt":{"rendered":"<p>C\u00f4t\u00e9 jardin, dans un transat, revivez en son 3D les concerts embl\u00e9matiques [&hellip;]<\/p>\n","protected":false},"author":1,"featured_media":0,"comment_status":"closed","ping_status":"open","sticky":false,"template":"","format":"standard","meta":{"footnotes":""},"categories":[1],"tags":[],"class_list":["post-1005","post","type-post","status-publish","format-standard","hentry","category-1"],"_links":{"self":[{"href":"http:\/\/abbatia.eu\/index.php\/wp-json\/wp\/v2\/posts\/1005","targetHints":{"allow":["GET"]}}],"collection":[{"href":"http:\/\/abbatia.eu\/index.php\/wp-json\/wp\/v2\/posts"}],"about":[{"href":"http:\/\/abbatia.eu\/index.php\/wp-json\/wp\/v2\/types\/post"}],"author":[{"embeddable":true,"href":"http:\/\/abbatia.eu\/index.php\/wp-json\/wp\/v2\/users\/1"}],"replies":[{"embeddable":true,"href":"http:\/\/abbatia.eu\/index.php\/wp-json\/wp\/v2\/comments?post=1005"}],"version-history":[{"count":1,"href":"http:\/\/abbatia.eu\/index.php\/wp-json\/wp\/v2\/posts\/1005\/revisions"}],"predecessor-version":[{"id":1006,"href":"http:\/\/abbatia.eu\/index.php\/wp-json\/wp\/v2\/posts\/1005\/revisions\/1006"}],"wp:attachment":[{"href":"http:\/\/abbatia.eu\/index.php\/wp-json\/wp\/v2\/media?parent=1005"}],"wp:term":[{"taxonomy":"category","embeddable":true,"href":"http:\/\/abbatia.eu\/index.php\/wp-json\/wp\/v2\/categories?post=1005"},{"taxonomy":"post_tag","embeddable":true,"href":"http:\/\/abbatia.eu\/index.php\/wp-json\/wp\/v2\/tags?post=1005"}],"curies":[{"name":"wp","href":"https:\/\/api.w.org\/{rel}","templated":true}]}}