{"id":1063,"date":"2020-01-07T15:13:43","date_gmt":"2020-01-07T14:13:43","guid":{"rendered":"http:\/\/abbatia.eu\/?p=1063"},"modified":"2020-01-07T15:13:43","modified_gmt":"2020-01-07T14:13:43","slug":"4eme-rencontres-medievales-de-trizay","status":"publish","type":"post","link":"http:\/\/abbatia.eu\/index.php\/2020\/01\/07\/4eme-rencontres-medievales-de-trizay\/","title":{"rendered":"4\u00c8ME RENCONTRES M\u00c9DI\u00c9VALES DE TRIZAY"},"content":{"rendered":"<p><b>Le samedi 28 avril 2018 \u00e0 l\u2019abbaye de Trizay (17)<\/b><\/p>\n<p><b>\u00ab\u00a0Art (et pratiques) fun\u00e9raires et m\u00e9morielles en milieux monastiques et conventuels\u00a0\u00bb<\/b><\/p>\n<p>Journ\u00e9e de conf\u00e9rences tous publics organis\u00e9es dans le le projet <i>Monasticon Aquitaniae<\/i> avec le soutien de l\u2019abbaye de Trizay et du r\u00e9seau \u00ab\u00a0Abbatia\u00a0\u00bb plac\u00e9e sous la coordination scientifique de Christian GENSBEITEL, Ma\u00eetre de conf\u00e9rence en histoire de l\u2019art m\u00e9di\u00e9val \u00e0 l\u2019Universit\u00e9 Bordeaux.<\/p>\n<p>La journ\u00e9e compl\u00e8te (hors repas) : 15 \u20ac \u2013\u00a0La demi-journ\u00e9e : 10 \u20ac<br \/>\nGratuit (hors repas) pour \u00e9tudiants en histoire de l\u2019art et personnes sans emploi (sur pr\u00e9sentation d\u2019un justificatif)<\/p>\n<p><a href=\"http:\/\/abbatia.eu\/wp-content\/uploads\/2017\/12\/Prog-journ\u00e9e-d\u00e9tude-4e-rencontre-Trizay-2018.pdf\">Le programme d\u00e9finitif des 4eme rencontres m\u00e9di\u00e9vales de Trizay<\/a><\/p>\n<p><a href=\"http:\/\/abbatia.eu\/wp-content\/uploads\/2017\/12\/bulletin-dinscription-4eme-rencontre-Trizay.pdf\">bulletin d&rsquo;inscription 4eme rencontre Trizay<\/a><\/p>\n","protected":false},"excerpt":{"rendered":"<p>Le samedi 28 avril 2018 \u00e0 l\u2019abbaye de Trizay (17) \u00ab\u00a0Art (et [&hellip;]<\/p>\n","protected":false},"author":1,"featured_media":0,"comment_status":"closed","ping_status":"open","sticky":false,"template":"","format":"standard","meta":{"footnotes":""},"categories":[1],"tags":[],"class_list":["post-1063","post","type-post","status-publish","format-standard","hentry","category-1"],"_links":{"self":[{"href":"http:\/\/abbatia.eu\/index.php\/wp-json\/wp\/v2\/posts\/1063","targetHints":{"allow":["GET"]}}],"collection":[{"href":"http:\/\/abbatia.eu\/index.php\/wp-json\/wp\/v2\/posts"}],"about":[{"href":"http:\/\/abbatia.eu\/index.php\/wp-json\/wp\/v2\/types\/post"}],"author":[{"embeddable":true,"href":"http:\/\/abbatia.eu\/index.php\/wp-json\/wp\/v2\/users\/1"}],"replies":[{"embeddable":true,"href":"http:\/\/abbatia.eu\/index.php\/wp-json\/wp\/v2\/comments?post=1063"}],"version-history":[{"count":1,"href":"http:\/\/abbatia.eu\/index.php\/wp-json\/wp\/v2\/posts\/1063\/revisions"}],"predecessor-version":[{"id":1064,"href":"http:\/\/abbatia.eu\/index.php\/wp-json\/wp\/v2\/posts\/1063\/revisions\/1064"}],"wp:attachment":[{"href":"http:\/\/abbatia.eu\/index.php\/wp-json\/wp\/v2\/media?parent=1063"}],"wp:term":[{"taxonomy":"category","embeddable":true,"href":"http:\/\/abbatia.eu\/index.php\/wp-json\/wp\/v2\/categories?post=1063"},{"taxonomy":"post_tag","embeddable":true,"href":"http:\/\/abbatia.eu\/index.php\/wp-json\/wp\/v2\/tags?post=1063"}],"curies":[{"name":"wp","href":"https:\/\/api.w.org\/{rel}","templated":true}]}}